{"id":2756,"date":"2023-03-07T11:24:27","date_gmt":"2023-03-07T10:24:27","guid":{"rendered":"https:\/\/www.ensemble-romantica.net\/?p=2756"},"modified":"2023-04-04T12:01:28","modified_gmt":"2023-04-04T10:01:28","slug":"concert-2023","status":"publish","type":"post","link":"https:\/\/www.ensemble-romantica.net\/?p=2756","title":{"rendered":"Concert 2023"},"content":{"rendered":"\n<p>C<strong>ette ann\u00e9e, nous donnons deux concerts :<\/strong><\/p>\n<p style=\"text-align: center;\"><strong><span style=\"color: #ff0000;\">\u00ab\u00a0Si la musique m&rsquo;\u00e9tait cont\u00e9e\u00a0\u00bb<\/span><\/strong><\/p>\n<p>Venez trouver les r\u00e9ponses \u00e0 la question de notre affiche !<\/p>\n<h3>Petit th\u00e9\u00e2tre de l&rsquo;Arche Gu\u00e9don, place des rencontres \u00e0 Torcy.<\/h3>\n<p style=\"text-align: center;\"><strong><span style=\"color: #ff0000;\">Vendredi 12 mai \u00e0 20h30<\/span><\/strong><br \/><strong><span style=\"color: #ff0000;\">Dimanche 14 mai \u00e0 16h30<\/span><\/strong><\/p>\n<p><span style=\"color: #000000;\">Tarif : 12 \u20ac et 6 \u20ac pour les moins de 12 ans.<\/span><\/p>\n<h4><span style=\"color: #ff0000;\">A partir du 15 avril,<br \/><\/span><span style=\"background-color: #ffffff;\"><strong>r\u00e9servation par l&rsquo;interm\u00e9diaire de notre site <br \/><\/strong><\/span><span style=\"background-color: #ffffff;\"><strong>\u00a0\u00a0\u00a0\u00a0\u00a0\u00a0\u00a0\u00a0\u00a0 ou par SMS t\u00e9l\u00e9phone :\u00a0 06 14 10 23 16<\/strong><\/span><\/h4>\n<h3>\u00a0<\/h3>\n<p>Parking sur le Cours de l&rsquo;Arche Gu\u00e9don, et passages pi\u00e9tons jusqu&rsquo;au Petit Th\u00e9\u00e2tre.<\/p>\n<table style=\"border-collapse: collapse; width: 142.74%; height: 445px;\">\n<tbody>\n<tr>\n<td style=\"width: 59.1158%;\"><img loading=\"lazy\" decoding=\"async\" class=\"alignnone  wp-image-2916\" src=\"https:\/\/www.ensemble-romantica.net\/wp-content\/uploads\/2023\/03\/plan-petit-theatre-arche-300x213.jpg\" alt=\"\" width=\"591\" height=\"420\" srcset=\"https:\/\/www.ensemble-romantica.net\/wp-content\/uploads\/2023\/03\/plan-petit-theatre-arche-300x213.jpg 300w, https:\/\/www.ensemble-romantica.net\/wp-content\/uploads\/2023\/03\/plan-petit-theatre-arche-768x545.jpg 768w, https:\/\/www.ensemble-romantica.net\/wp-content\/uploads\/2023\/03\/plan-petit-theatre-arche.jpg 891w\" sizes=\"auto, (max-width: 591px) 100vw, 591px\" \/><\/td>\n<td style=\"width: 62.1304%;\">\n<p><iframe loading=\"lazy\" style=\"border: 0;\" src=\"https:\/\/www.google.com\/maps\/embed?pb=!1m18!1m12!1m3!1d2625.3632386914574!2d2.634711067048959!3d48.851283452618176!2m3!1f0!2f0!3f0!3m2!1i1024!2i768!4f13.1!3m3!1m2!1s0x47ddb086294fdd91%3A0xe34235277d9dcfc0!2sPetit%20th%C3%A9%C3%A2tre%20de%20l'Arche!5e0!3m2!1sfr!2sfr!4v1678187287360!5m2!1sfr!2sfr\" width=\"600\" height=\"450\" allowfullscreen=\"allowfullscreen\"><\/iframe><\/p>\n<\/td>\n<\/tr>\n<\/tbody>\n<\/table>\n<p>\u00a0<\/p>\n<p>\u00a0<\/p>\n","protected":false},"excerpt":{"rendered":"<p>Cette ann\u00e9e, nous donnons deux concerts : \u00ab\u00a0Si la musique m&rsquo;\u00e9tait cont\u00e9e\u00a0\u00bb Venez trouver les r\u00e9ponses \u00e0 la question de notre affiche ! Petit th\u00e9\u00e2tre de l&rsquo;Arche Gu\u00e9don, place des rencontres \u00e0 Torcy. Vendredi 12 mai \u00e0 20h30Dimanche 14 mai&hellip; <br \/><a class=\"read-more-button\" href=\"https:\/\/www.ensemble-romantica.net\/?p=2756\">Savoir plus<\/a><\/p>\n","protected":false},"author":1,"featured_media":2757,"comment_status":"closed","ping_status":"closed","sticky":false,"template":"","format":"standard","meta":{"footnotes":""},"categories":[1],"tags":[],"class_list":["post-2756","post","type-post","status-publish","format-standard","has-post-thumbnail","hentry","category-non-classe"],"_links":{"self":[{"href":"https:\/\/www.ensemble-romantica.net\/index.php?rest_route=\/wp\/v2\/posts\/2756","targetHints":{"allow":["GET"]}}],"collection":[{"href":"https:\/\/www.ensemble-romantica.net\/index.php?rest_route=\/wp\/v2\/posts"}],"about":[{"href":"https:\/\/www.ensemble-romantica.net\/index.php?rest_route=\/wp\/v2\/types\/post"}],"author":[{"embeddable":true,"href":"https:\/\/www.ensemble-romantica.net\/index.php?rest_route=\/wp\/v2\/users\/1"}],"replies":[{"embeddable":true,"href":"https:\/\/www.ensemble-romantica.net\/index.php?rest_route=%2Fwp%2Fv2%2Fcomments&post=2756"}],"version-history":[{"count":17,"href":"https:\/\/www.ensemble-romantica.net\/index.php?rest_route=\/wp\/v2\/posts\/2756\/revisions"}],"predecessor-version":[{"id":2921,"href":"https:\/\/www.ensemble-romantica.net\/index.php?rest_route=\/wp\/v2\/posts\/2756\/revisions\/2921"}],"wp:featuredmedia":[{"embeddable":true,"href":"https:\/\/www.ensemble-romantica.net\/index.php?rest_route=\/wp\/v2\/media\/2757"}],"wp:attachment":[{"href":"https:\/\/www.ensemble-romantica.net\/index.php?rest_route=%2Fwp%2Fv2%2Fmedia&parent=2756"}],"wp:term":[{"taxonomy":"category","embeddable":true,"href":"https:\/\/www.ensemble-romantica.net\/index.php?rest_route=%2Fwp%2Fv2%2Fcategories&post=2756"},{"taxonomy":"post_tag","embeddable":true,"href":"https:\/\/www.ensemble-romantica.net\/index.php?rest_route=%2Fwp%2Fv2%2Ftags&post=2756"}],"curies":[{"name":"wp","href":"https:\/\/api.w.org\/{rel}","templated":true}]}}