{"id":3533,"date":"2024-12-01T19:35:41","date_gmt":"2024-12-01T18:35:41","guid":{"rendered":"https:\/\/www.ensemble-romantica.net\/?p=3533"},"modified":"2024-12-01T20:06:46","modified_gmt":"2024-12-01T19:06:46","slug":"concert-de-noel","status":"publish","type":"post","link":"https:\/\/www.ensemble-romantica.net\/?p=3533","title":{"rendered":"Concert de No\u00ebl"},"content":{"rendered":"\n<p>Nous chanterons La Navidad Nuestra et La Misa Criolla d&rsquo;Ariel Ramirez, avec le t\u00e9nor Jean-Luc Baudouin, accompagn\u00e9s au piano par Fanyu Zeng et aux percussions par Vincent Venneugu\u00e8s sous la direction de notre chef Sylvain Lamesch.<\/p>\n<p>\u00a0<\/p>\n","protected":false},"excerpt":{"rendered":"<p>Nous chanterons La Navidad Nuestra et La Misa Criolla d&rsquo;Ariel Ramirez, avec le t\u00e9nor Jean-Luc Baudouin, accompagn\u00e9s au piano par Fanyu Zeng et aux percussions par Vincent Venneugu\u00e8s sous la direction de notre chef Sylvain Lamesch. \u00a0<\/p>\n","protected":false},"author":1,"featured_media":3534,"comment_status":"closed","ping_status":"closed","sticky":false,"template":"","format":"standard","meta":{"footnotes":""},"categories":[1],"tags":[],"class_list":["post-3533","post","type-post","status-publish","format-standard","has-post-thumbnail","hentry","category-non-classe"],"_links":{"self":[{"href":"https:\/\/www.ensemble-romantica.net\/index.php?rest_route=\/wp\/v2\/posts\/3533","targetHints":{"allow":["GET"]}}],"collection":[{"href":"https:\/\/www.ensemble-romantica.net\/index.php?rest_route=\/wp\/v2\/posts"}],"about":[{"href":"https:\/\/www.ensemble-romantica.net\/index.php?rest_route=\/wp\/v2\/types\/post"}],"author":[{"embeddable":true,"href":"https:\/\/www.ensemble-romantica.net\/index.php?rest_route=\/wp\/v2\/users\/1"}],"replies":[{"embeddable":true,"href":"https:\/\/www.ensemble-romantica.net\/index.php?rest_route=%2Fwp%2Fv2%2Fcomments&post=3533"}],"version-history":[{"count":8,"href":"https:\/\/www.ensemble-romantica.net\/index.php?rest_route=\/wp\/v2\/posts\/3533\/revisions"}],"predecessor-version":[{"id":3547,"href":"https:\/\/www.ensemble-romantica.net\/index.php?rest_route=\/wp\/v2\/posts\/3533\/revisions\/3547"}],"wp:featuredmedia":[{"embeddable":true,"href":"https:\/\/www.ensemble-romantica.net\/index.php?rest_route=\/wp\/v2\/media\/3534"}],"wp:attachment":[{"href":"https:\/\/www.ensemble-romantica.net\/index.php?rest_route=%2Fwp%2Fv2%2Fmedia&parent=3533"}],"wp:term":[{"taxonomy":"category","embeddable":true,"href":"https:\/\/www.ensemble-romantica.net\/index.php?rest_route=%2Fwp%2Fv2%2Fcategories&post=3533"},{"taxonomy":"post_tag","embeddable":true,"href":"https:\/\/www.ensemble-romantica.net\/index.php?rest_route=%2Fwp%2Fv2%2Ftags&post=3533"}],"curies":[{"name":"wp","href":"https:\/\/api.w.org\/{rel}","templated":true}]}}