{"id":3564,"date":"2025-02-19T11:12:20","date_gmt":"2025-02-19T10:12:20","guid":{"rendered":"https:\/\/www.ensemble-romantica.net\/?p=3564"},"modified":"2025-02-19T17:11:06","modified_gmt":"2025-02-19T16:11:06","slug":"concert-2025","status":"publish","type":"post","link":"https:\/\/www.ensemble-romantica.net\/?p=3564","title":{"rendered":"Concert 2025"},"content":{"rendered":"\n<h1><span style=\"color: #ff0000;\">\u00ab\u00a0Mondes mal\u00e9fiques, mondes merveilleux\u00a0\u00bb<\/span><\/h1>\n<p><em>Un programme autour des g\u00e9nies, des f\u00e9es, des sorci\u00e8res et autres cr\u00e9atures tant\u00f4t merveilleuses, tant\u00f4t mal\u00e9fiques ! Du baroque au XXe, en fran\u00e7ais \/ allemand \/ anglais \/ italien&#8230; accompagn\u00e9 au piano, l&rsquo;Ensemble Vocal Romantica, le pianiste Fanyu Zeng, le chef de choeur Sylvain Lamesch interpr\u00e8teront Purcell, Schubert, Schumann, Faur\u00e9, Debussy&#8230; <br \/><\/em><\/p>\n<p><em><strong>Samedi 5 avril \u00e0 20h30 ou Dimanche 6 avril \u00e0 16h30<\/strong><\/em><\/p>\n<p><em><strong> Petit Th\u00e9\u00e2tre de l\u2019Arche\u00a0 <br \/><\/strong><\/em><\/p>\n<p><em><strong>Tarifs\u00a0:<\/strong> 12 \u20ac , enfants de moins de 12 ans\u00a0: 8 \u20ac<\/em><\/p>\n<h3><em><strong>Renseignements \/ R\u00e9servations :<a href=\"https:\/\/www.ensemble-romantica.net\/?page_id=1279\">\u00a0ici<\/a> <\/strong><\/em><\/h3>\n\n\n\n\n","protected":false},"excerpt":{"rendered":"<p>\u00ab\u00a0Mondes mal\u00e9fiques, mondes merveilleux\u00a0\u00bb Un programme autour des g\u00e9nies, des f\u00e9es, des sorci\u00e8res et autres cr\u00e9atures tant\u00f4t merveilleuses, tant\u00f4t mal\u00e9fiques ! Du baroque au XXe, en fran\u00e7ais \/ allemand \/ anglais \/ italien&#8230; accompagn\u00e9 au piano, l&rsquo;Ensemble Vocal Romantica, le&hellip; <br \/><a class=\"read-more-button\" href=\"https:\/\/www.ensemble-romantica.net\/?p=3564\">Savoir plus<\/a><\/p>\n","protected":false},"author":1,"featured_media":3571,"comment_status":"closed","ping_status":"closed","sticky":false,"template":"","format":"standard","meta":{"footnotes":""},"categories":[1],"tags":[],"class_list":["post-3564","post","type-post","status-publish","format-standard","has-post-thumbnail","hentry","category-non-classe"],"_links":{"self":[{"href":"https:\/\/www.ensemble-romantica.net\/index.php?rest_route=\/wp\/v2\/posts\/3564","targetHints":{"allow":["GET"]}}],"collection":[{"href":"https:\/\/www.ensemble-romantica.net\/index.php?rest_route=\/wp\/v2\/posts"}],"about":[{"href":"https:\/\/www.ensemble-romantica.net\/index.php?rest_route=\/wp\/v2\/types\/post"}],"author":[{"embeddable":true,"href":"https:\/\/www.ensemble-romantica.net\/index.php?rest_route=\/wp\/v2\/users\/1"}],"replies":[{"embeddable":true,"href":"https:\/\/www.ensemble-romantica.net\/index.php?rest_route=%2Fwp%2Fv2%2Fcomments&post=3564"}],"version-history":[{"count":4,"href":"https:\/\/www.ensemble-romantica.net\/index.php?rest_route=\/wp\/v2\/posts\/3564\/revisions"}],"predecessor-version":[{"id":3570,"href":"https:\/\/www.ensemble-romantica.net\/index.php?rest_route=\/wp\/v2\/posts\/3564\/revisions\/3570"}],"wp:featuredmedia":[{"embeddable":true,"href":"https:\/\/www.ensemble-romantica.net\/index.php?rest_route=\/wp\/v2\/media\/3571"}],"wp:attachment":[{"href":"https:\/\/www.ensemble-romantica.net\/index.php?rest_route=%2Fwp%2Fv2%2Fmedia&parent=3564"}],"wp:term":[{"taxonomy":"category","embeddable":true,"href":"https:\/\/www.ensemble-romantica.net\/index.php?rest_route=%2Fwp%2Fv2%2Fcategories&post=3564"},{"taxonomy":"post_tag","embeddable":true,"href":"https:\/\/www.ensemble-romantica.net\/index.php?rest_route=%2Fwp%2Fv2%2Ftags&post=3564"}],"curies":[{"name":"wp","href":"https:\/\/api.w.org\/{rel}","templated":true}]}}