{"id":3748,"date":"2025-08-18T17:00:25","date_gmt":"2025-08-18T15:00:25","guid":{"rendered":"https:\/\/www.ensemble-romantica.net\/?p=3748"},"modified":"2026-04-09T17:21:50","modified_gmt":"2026-04-09T15:21:50","slug":"cest-une-nouvelle-saison","status":"publish","type":"post","link":"https:\/\/www.ensemble-romantica.net\/?p=3748","title":{"rendered":"Concert 2026 : samedi 30 mai 20h00"},"content":{"rendered":"\n<h2>Espace Lino Ventura \u00e0 TORCY.<\/h2>\n\n\n\n<figure class=\"wp-block-image size-full is-resized\"><img loading=\"lazy\" decoding=\"async\" width=\"724\" height=\"1024\" src=\"https:\/\/www.ensemble-romantica.net\/wp-content\/uploads\/2025\/08\/affiche-dvorak-mai-2026-compressee.jpg\" alt=\"\" class=\"wp-image-3821\" style=\"aspect-ratio:0.7070389734520083;width:364px;height:auto\" srcset=\"https:\/\/www.ensemble-romantica.net\/wp-content\/uploads\/2025\/08\/affiche-dvorak-mai-2026-compressee.jpg 724w, https:\/\/www.ensemble-romantica.net\/wp-content\/uploads\/2025\/08\/affiche-dvorak-mai-2026-compressee-212x300.jpg 212w\" sizes=\"auto, (max-width: 724px) 100vw, 724px\" \/><\/figure>\n\n\n\n<p><strong>On chantera le \u00ab\u00a0Stabat Mater\u00a0\u00bb d&rsquo;Antonin Dvorak.<\/strong><\/p>\n<h3>Intervenants :\u00a0<\/h3>\n<p><strong>Direction<\/strong> : Sylvain Lamesch<br \/><strong>Piano<\/strong> : Fanyu Zeng<\/p>\n<p><strong>Solistes<\/strong> : Soprano : Aur\u00e9lie Ligerot<br \/>\u00a0 \u00a0 \u00a0 \u00a0 \u00a0 \u00a0 \u00a0 \u00a0Mezzo : Ga\u00eblle Mallada<br \/>\u00a0 \u00a0 \u00a0 \u00a0 \u00a0 \u00a0 \u00a0 \u00a0T\u00e9nor : Paul Gaugler<br \/>\u00a0 \u00a0 \u00a0 \u00a0 \u00a0 \u00a0 \u00a0 \u00a0Baryton : Jean-Louis Serre<br \/><strong>Avec les deux choeurs<\/strong> : <br \/>L&rsquo;Ensemble Vocal Romantica de Torcy et la Chorale du Val Maubu\u00e9e (conservatoire de Noisiel).<\/p>\n<p><strong>Le Stabat Mater d\u2019Anton\u00edn Dvo\u0159\u00e1k\u00a0: une musique sacr\u00e9e aux accents profond\u00e9ment humains<\/strong><strong>, po\u00e8me de la douleur et de l\u2019espoir<\/strong><strong>.<\/strong><\/p>\n<p>Antonin Dvorak perd trois enfants en l\u2019espace de 2 ans. En \u00e9cho \u00e0 sa propre douleur, Dvorak se lance en 1876 dans l\u2019\u00e9criture du Stabat Mater, le compl\u00e8te et l\u2019orchestre en 1877. Chef-d\u2019\u0153uvre de la musique post-romantique, le Stabat Mater est fond\u00e9 sur un po\u00e8me du XIII\u00e8me si\u00e8cle, l\u00e9g\u00e8rement modifi\u00e9. S\u2019y m\u00ealent \u00e9troitement les visages de la souffrance, la douceur, la r\u00e9signation et l\u2019espoir.<\/p>\n<h3>Vous voulez venir nous \u00e9couter ?<\/h3>\n<p>R\u00e9servez vos places ici (cliquer sur l&rsquo;image) :<\/p>\n<p><a href=\"https:\/\/www.ensemble-romantica.net\/?page_id=1279\"><img loading=\"lazy\" decoding=\"async\" class=\"wp-image-3786 aligncenter\" src=\"https:\/\/www.ensemble-romantica.net\/wp-content\/uploads\/2025\/08\/pour-helloasso-billetterie-300x57.jpg\" alt=\"\" width=\"253\" height=\"48\" srcset=\"https:\/\/www.ensemble-romantica.net\/wp-content\/uploads\/2025\/08\/pour-helloasso-billetterie-300x57.jpg 300w, https:\/\/www.ensemble-romantica.net\/wp-content\/uploads\/2025\/08\/pour-helloasso-billetterie-1024x196.jpg 1024w, https:\/\/www.ensemble-romantica.net\/wp-content\/uploads\/2025\/08\/pour-helloasso-billetterie-768x147.jpg 768w, https:\/\/www.ensemble-romantica.net\/wp-content\/uploads\/2025\/08\/pour-helloasso-billetterie-1536x294.jpg 1536w, https:\/\/www.ensemble-romantica.net\/wp-content\/uploads\/2025\/08\/pour-helloasso-billetterie-2048x392.jpg 2048w, https:\/\/www.ensemble-romantica.net\/wp-content\/uploads\/2025\/08\/pour-helloasso-billetterie-1170x224.jpg 1170w\" sizes=\"auto, (max-width: 253px) 100vw, 253px\" \/><\/a><\/p>\n<p>En pr\u00e9vente, vous b\u00e9n\u00e9ficierez d&rsquo;un tarif de 20 \u20ac adulte et 10 \u20ac pour un enfant de moins de 12 ans.<br \/>Sur place les tarifs seront de 22 \u20ac pour un adulte et 12 \u20ac pour un enfant de moins de 12 ans<\/p>\n\n\n\n\n\n\n","protected":false},"excerpt":{"rendered":"<p>Espace Lino Ventura \u00e0 TORCY. On chantera le \u00ab\u00a0Stabat Mater\u00a0\u00bb d&rsquo;Antonin Dvorak. Intervenants :\u00a0 Direction : Sylvain LameschPiano : Fanyu Zeng Solistes : Soprano : Aur\u00e9lie Ligerot\u00a0 \u00a0 \u00a0 \u00a0 \u00a0 \u00a0 \u00a0 \u00a0Mezzo : Ga\u00eblle Mallada\u00a0 \u00a0 \u00a0 \u00a0&hellip; <br \/><a class=\"read-more-button\" href=\"https:\/\/www.ensemble-romantica.net\/?p=3748\">Savoir plus<\/a><\/p>\n","protected":false},"author":1,"featured_media":3750,"comment_status":"closed","ping_status":"closed","sticky":false,"template":"","format":"standard","meta":{"footnotes":""},"categories":[1],"tags":[],"class_list":["post-3748","post","type-post","status-publish","format-standard","has-post-thumbnail","hentry","category-non-classe"],"_links":{"self":[{"href":"https:\/\/www.ensemble-romantica.net\/index.php?rest_route=\/wp\/v2\/posts\/3748","targetHints":{"allow":["GET"]}}],"collection":[{"href":"https:\/\/www.ensemble-romantica.net\/index.php?rest_route=\/wp\/v2\/posts"}],"about":[{"href":"https:\/\/www.ensemble-romantica.net\/index.php?rest_route=\/wp\/v2\/types\/post"}],"author":[{"embeddable":true,"href":"https:\/\/www.ensemble-romantica.net\/index.php?rest_route=\/wp\/v2\/users\/1"}],"replies":[{"embeddable":true,"href":"https:\/\/www.ensemble-romantica.net\/index.php?rest_route=%2Fwp%2Fv2%2Fcomments&post=3748"}],"version-history":[{"count":17,"href":"https:\/\/www.ensemble-romantica.net\/index.php?rest_route=\/wp\/v2\/posts\/3748\/revisions"}],"predecessor-version":[{"id":3832,"href":"https:\/\/www.ensemble-romantica.net\/index.php?rest_route=\/wp\/v2\/posts\/3748\/revisions\/3832"}],"wp:featuredmedia":[{"embeddable":true,"href":"https:\/\/www.ensemble-romantica.net\/index.php?rest_route=\/wp\/v2\/media\/3750"}],"wp:attachment":[{"href":"https:\/\/www.ensemble-romantica.net\/index.php?rest_route=%2Fwp%2Fv2%2Fmedia&parent=3748"}],"wp:term":[{"taxonomy":"category","embeddable":true,"href":"https:\/\/www.ensemble-romantica.net\/index.php?rest_route=%2Fwp%2Fv2%2Fcategories&post=3748"},{"taxonomy":"post_tag","embeddable":true,"href":"https:\/\/www.ensemble-romantica.net\/index.php?rest_route=%2Fwp%2Fv2%2Ftags&post=3748"}],"curies":[{"name":"wp","href":"https:\/\/api.w.org\/{rel}","templated":true}]}}