{"id":836,"date":"2020-03-03T14:26:53","date_gmt":"2020-03-03T13:26:53","guid":{"rendered":"http:\/\/www.ensemble-romantica.net\/?p=836"},"modified":"2020-03-13T15:57:52","modified_gmt":"2020-03-13T14:57:52","slug":"nos-prochains-concerts","status":"publish","type":"post","link":"https:\/\/www.ensemble-romantica.net\/?p=836","title":{"rendered":"Concerts Romantisme allemand les 28 et 29 mars 2020"},"content":{"rendered":"\n<h1><span style=\"color: #ff0000;\"><strong>En raison du contexte actuel et des interdictions de rassemblement de plus de 100 personnes, nos concerts sont, pour l&rsquo;heure, annul\u00e9s.<\/strong><\/span><\/h1>\n<p>Apr\u00e8s vous avoir enchant\u00e9 avec des rythmes de tango, nous vous proposons cette ann\u00e9e des \u0153uvres ou extraits d&rsquo;\u0153uvre de la p\u00e9riode du Romantisme Allemand, accompagn\u00e9s au piano par Yun Mi Kwon, sous la direction de notre chef de choeur : Sylvain Lamesch.<\/p>\n<p>Nous donnerons cette ann\u00e9e, deux concerts :<\/p>\n<ul>\n<li>\n<h5>le 28 mars 2020 \u00e0 20h30 en l\u2019\u00e9glise de Gouvernes<\/h5>\n<\/li>\n<li>\n<h5>le 29 mars 2020 \u00e0 17h00 au Petit th\u00e9\u00e2tre de l\u2019Arche Gu\u00e9don \u00e0 Torcy ( \u00e0 c\u00f4t\u00e9 de la piscine)<\/h5>\n<\/li>\n<\/ul>\n<h5><strong>R\u00e9servations : <\/strong>sur le site\u00a0: <a href=\"https:\/\/www.ensemble-romantica.net\/\">https:\/\/www.ensemble-romantica.net<\/a><\/h5>\n<p>\u00a0\u00a0\u00a0\u00a0\u00a0\u00a0\u00a0\u00a0\u00a0\u00a0\u00a0\u00a0\u00a0\u00a0\u00a0\u00a0\u00a0\u00a0\u00a0\u00a0\u00a0\u00a0\u00a0 Ou par t\u00e9l\u00e9phone au 06 14 10 23 16<\/p>\n<p><strong>Tarifs\u00a0: <\/strong>12 \u20ac &#8211; 6 \u20ac pour les enfants de moins de 12 ans.<\/p>\n\n\n<h5>Aux couleurs de l&rsquo;Argentine 11 mai 2019<\/h5>\n<h6><span style=\"color: #ff0000;\"><strong>Notre prochain concert aura lieu le samedi&nbsp; 11 mai 2019 \u00e0 20h30 salle Lino Ventura \u00e0 Torcy<br><\/strong><\/span><\/h6>\n<p><span style=\"color: #000000;\">Venez \u00e9couter le groupe MGDB, ensemble de percussions urbaines et les saxophonistes du conservatoire Michel Slobo, puis l&rsquo;ensemble Romantica qui pr\u00e9sentera la Misatango de Palmeri. <a href=\"https:\/\/www.ville-torcy.fr\/wp-content\/uploads\/2018\/07\/Guide-culturel-2018-19.pdf\">(https:\/\/www.ville-torcy.fr\/wp-content\/uploads\/2018\/07\/Guide-culturel-2018-19.pdf<\/a>).<br><\/span><\/p>\n<p>En premi\u00e8re partie, le Groupe MGDB de percussions urbaines et l\u2019Ensemble de saxophones se produiront sur des arrangements originaux vous&nbsp; entra\u00eenant,&nbsp; avec fougue, sur des airs de tango et des rythmes latino refl\u00e9tant avec \u00e9clat et passion l\u2019\u00e2me du peuple argentin.<\/p>\n<p>En 2\u00e8me partie, l\u2019Ensemble Vocal Romantica accompagn\u00e9 d\u2019un orchestre \u00e0 cordes, d\u2019un piano et d\u2019un bandon\u00e9on interpr\u00e9tera La Misatango de Martin Palmeri. Une \u0153uvre sublime au rythme inhabituel, dansant et envo\u00fbtant, qui allie sensualit\u00e9 et spiritualit\u00e9.<\/p>\n<p>.<\/p>\n<p><span style=\"color: #008000;\"><strong>Concert d&rsquo;\u00e9t\u00e9&nbsp; <\/strong><\/span>le<span style=\"color: #ff0000;\"><strong> 15 juin au petit th\u00e9\u00e2tre de l&rsquo;Arche Gu\u00e9don \u00e0 Torcy<\/strong><\/span> \u00e0 <strong><span style=\"color: #ff0000;\">20h30<\/span><\/strong>.<\/p>\n<p><strong> (<a href=\"https:\/\/goo.gl\/maps\/M2niZQSAqMM2\">voir plan ici<\/a>)<\/strong><\/p>\n<p><img loading=\"lazy\" decoding=\"async\" class=\"size-medium wp-image-1291 alignleft\" src=\"http:\/\/www.ensemble-romantica.net\/wp-content\/uploads\/2018\/05\/concert-d-ete-212x300.jpg\" alt=\"\" width=\"212\" height=\"300\">Au seuil de l\u2019\u00e9t\u00e9, le concert de l\u2019Ensemble Vocal Romantica vous propose un floril\u00e8ge de grands airs d\u2019op\u00e9ras (Berlioz, Bizet, Verdi) et de chants choral c\u00e9l\u00e8bres (Faur\u00e9, Orff \u2026) dans une mise en sc\u00e8ne d\u2019Ang\u00e9lique Ballue, sous la direction de son chef de ch\u0153ur Sylvain Lamesch.<\/p>\n<p class=\"m_-915782632292698890gmail-western\"><strong><span style=\"font-size: small;\">Date et heure : <\/span><\/strong><span style=\"font-size: small;\">Vendredi 15 juin 2018,&nbsp;<\/span>\u00e0 20 h 30<\/p>\n<p class=\"m_-915782632292698890gmail-western\"><span style=\"font-size: small;\"><strong><span style=\"color: #000000;\">Lieu<\/span>&nbsp;<\/strong> : Petit <\/span><span style=\"font-size: small;\">Th\u00e9\u00e2tre de l\u2018Arche,&nbsp;<\/span>9 place des rencontres 77200 Torcy<\/p>\n<p class=\"m_-915782632292698890gmail-western\"><span style=\"color: #000000;\"><span style=\"font-size: small;\"><strong>R\u00e9servation<\/strong>&nbsp;: 06 14 10 23 16&nbsp;&nbsp;&nbsp;&nbsp; <\/span><\/span><span style=\"font-size: small;\"><span lang=\"en-US\"><u><b>ou <\/b><\/u><\/span><\/span><span style=\"font-size: small;\"><span lang=\"en-US\"><u><b>sur le site<\/b><\/u><\/span><\/span><b> <\/b><span style=\"font-size: small;\"><span lang=\"en-US\">Rubrique \u201cR\u00e9servation\u201d<\/span><\/span><\/p>\n<p class=\"m_-915782632292698890gmail-western\"><span style=\"font-size: small;\"><strong>Tarifs<\/strong>&nbsp;&nbsp;12 \u20ac, (moins de 12 ans, 6 \u20ac)<\/span><\/p>\n<p class=\"m_-915782632292698890gmail-western\"><span style=\"font-size: small;\"><b>Chef de ch\u0153ur,<\/b> Sylvain Lamesch<\/span><\/p>\n<p class=\"m_-915782632292698890gmail-western\"><span style=\"font-size: small;\"><b>Pianiste,<\/b> Yun MI Kwon<\/span><\/p>\n<p class=\"m_-915782632292698890gmail-western\"><span style=\"font-size: small;\"><b>Mise en sc\u00e8ne, <\/b>Ang\u00e9lique Ballue<\/span><\/p>\n<p><img loading=\"lazy\" decoding=\"async\" class=\"size-medium wp-image-971 alignleft\" src=\"http:\/\/www.ensemble-romantica.net\/wp-content\/uploads\/2017\/09\/affiche-no\u00ebl-2017-213x300.jpg\" alt=\"\" width=\"213\" height=\"300\"><\/p>\n<p>Les <span style=\"color: #ff0000;\"><strong>vendredi<\/strong> <strong>15 d\u00e9cembre ( 20h30) et dimanche 17 d\u00e9cembre (16 h)<\/strong> <\/span>en l&rsquo;<strong><span style=\"color: #ff0000;\">\u00e9glise de Torcy<\/span><\/strong> pour un concert de No\u00ebl.<\/p>\n<p>Tarifs : Adultes<\/p>\n<p>: 10\u20ac<\/p>\n<p>Enfants (moins de 12 ans) : 5\u20ac<\/p>\n<p>Le <span style=\"color: #000000;\"><strong>22 septembre puis le 30 octobre<\/strong><\/span>, rendez-vous \u00e0 La Madeleine pour le Requiem de Mozart avec l&rsquo;orchestre Helios et le choeur Tempetuoso.<\/p>\n<p><img loading=\"lazy\" decoding=\"async\" id=\"comp-ivio6fu1imgimage\" class=\"alignleft\" src=\"https:\/\/static.wixstatic.com\/media\/550ce5_920caa3b41c340bdbfb5d27b550d689b%7Emv2.jpg\/v1\/fill\/w_832,h_1164,al_c,q_85,usm_0.66_1.00_0.01\/550ce5_920caa3b41c340bdbfb5d27b550d689b%7Emv2.jpg\" alt=\"\" data-type=\"image\" data-reactid=\".0.$SITE_ROOT.$desktop_siteRoot.$PAGES_CONTAINER.$centeredContent.$inlineContent.$SITE_PAGES.$cvq4q_DESKTOP.$inlineContent.$comp-ivio6fu1.$link.0.$image\" width=\"400\" height=\"559\"><\/p>\n<p><img loading=\"lazy\" decoding=\"async\" class=\"alignnone wp-image-928\" src=\"http:\/\/www.ensemble-romantica.net\/wp-content\/uploads\/2017\/09\/madeleine-30-10-2017-300x211.jpg\" alt=\"\" width=\"820\" height=\"577\"><\/p>\n<p>Billetterie : Place de 15 \u00e0 40 \u20ac<\/p>\n<p>par internet : <a href=\"http:\/\/www.orchestrehelios.com\/reservation-widget\">http:\/\/www.orchestrehelios.com\/reservation-widget<\/a><\/p>\n<p>par t\u00e9l\u00e9phone : 06 81 44 32 ou sur place le jour du concert. Tarif 15 \u00e0 40 \u20ac<\/p>","protected":false},"excerpt":{"rendered":"<p>En raison du contexte actuel et des interdictions de rassemblement de plus de 100 personnes, nos concerts sont, pour l&rsquo;heure, annul\u00e9s.<\/p>\n","protected":false},"author":1,"featured_media":1923,"comment_status":"closed","ping_status":"closed","sticky":false,"template":"","format":"standard","meta":{"footnotes":""},"categories":[1],"tags":[],"class_list":["post-836","post","type-post","status-publish","format-standard","has-post-thumbnail","hentry","category-non-classe"],"_links":{"self":[{"href":"https:\/\/www.ensemble-romantica.net\/index.php?rest_route=\/wp\/v2\/posts\/836","targetHints":{"allow":["GET"]}}],"collection":[{"href":"https:\/\/www.ensemble-romantica.net\/index.php?rest_route=\/wp\/v2\/posts"}],"about":[{"href":"https:\/\/www.ensemble-romantica.net\/index.php?rest_route=\/wp\/v2\/types\/post"}],"author":[{"embeddable":true,"href":"https:\/\/www.ensemble-romantica.net\/index.php?rest_route=\/wp\/v2\/users\/1"}],"replies":[{"embeddable":true,"href":"https:\/\/www.ensemble-romantica.net\/index.php?rest_route=%2Fwp%2Fv2%2Fcomments&post=836"}],"version-history":[{"count":57,"href":"https:\/\/www.ensemble-romantica.net\/index.php?rest_route=\/wp\/v2\/posts\/836\/revisions"}],"predecessor-version":[{"id":1931,"href":"https:\/\/www.ensemble-romantica.net\/index.php?rest_route=\/wp\/v2\/posts\/836\/revisions\/1931"}],"wp:featuredmedia":[{"embeddable":true,"href":"https:\/\/www.ensemble-romantica.net\/index.php?rest_route=\/wp\/v2\/media\/1923"}],"wp:attachment":[{"href":"https:\/\/www.ensemble-romantica.net\/index.php?rest_route=%2Fwp%2Fv2%2Fmedia&parent=836"}],"wp:term":[{"taxonomy":"category","embeddable":true,"href":"https:\/\/www.ensemble-romantica.net\/index.php?rest_route=%2Fwp%2Fv2%2Fcategories&post=836"},{"taxonomy":"post_tag","embeddable":true,"href":"https:\/\/www.ensemble-romantica.net\/index.php?rest_route=%2Fwp%2Fv2%2Ftags&post=836"}],"curies":[{"name":"wp","href":"https:\/\/api.w.org\/{rel}","templated":true}]}}